{"id":1602,"date":"2026-02-16T15:37:32","date_gmt":"2026-02-16T15:37:32","guid":{"rendered":"https:\/\/bv-toenisheide.de\/BVToenisheide\/Start.html\/?p=1602"},"modified":"2026-03-11T15:40:02","modified_gmt":"2026-03-11T15:40:02","slug":"jahreshauptversammlung-2026","status":"publish","type":"post","link":"https:\/\/bv-toenisheide.de\/BVToenisheide\/Start.html\/jahreshauptversammlung-2026\/","title":{"rendered":"Jahreshauptversammlung 2026"},"content":{"rendered":"<p>Am <strong>Mittwoch, den 11. M\u00e4rz <\/strong>findet<strong> um 19:00 Uhr<\/strong> unsere Jahreshauptversammlung im katholischen Pfarrsaal T\u00f6nisheide, an der Kirchstra\u00dfe statt.<br \/>\nNeben dem Jahresbericht 2025 und den geplanten Terminen f\u00fcr 2026 gibt es den wichtigen Tagespunkt &#8222;Mitgliedsbeitrag&#8220;.<br \/>\nEine gesonderte Einladung mit der Tagesordnung geht allen Mitgliedern auch per Post zu. Wir hoffen auf rege Teilnahme an dieser Versammlung!<\/p>\n<p>&nbsp;<\/p>\n","protected":false},"excerpt":{"rendered":"<p>Am Mittwoch, den 11. M\u00e4rz findet um 19:00 Uhr unsere Jahreshauptversammlung im katholischen Pfarrsaal T\u00f6nisheide, an der Kirchstra\u00dfe statt. Neben dem Jahresbericht 2025 und den geplanten Terminen f\u00fcr 2026 gibt es den wichtigen Tagespunkt &#8222;Mitgliedsbeitrag&#8220;. Eine gesonderte Einladung mit der Tagesordnung geht allen Mitgliedern auch per Post zu. Wir hoffen auf rege Teilnahme an dieser &hellip; <\/p>\n<p class=\"link-more\"><a href=\"https:\/\/bv-toenisheide.de\/BVToenisheide\/Start.html\/jahreshauptversammlung-2026\/\" class=\"more-link\"><span class=\"screen-reader-text\">\u201eJahreshauptversammlung 2026\u201c <\/span>weiterlesen<\/a><\/p>\n","protected":false},"author":1,"featured_media":0,"comment_status":"closed","ping_status":"closed","sticky":false,"template":"","format":"standard","meta":{"jetpack_post_was_ever_published":false,"_jetpack_newsletter_access":"","_jetpack_dont_email_post_to_subs":false,"_jetpack_newsletter_tier_id":0,"_jetpack_memberships_contains_paywalled_content":false,"_jetpack_memberships_contains_paid_content":false,"footnotes":"","jetpack_publicize_message":"","jetpack_publicize_feature_enabled":true,"jetpack_social_post_already_shared":true,"jetpack_social_options":{"image_generator_settings":{"template":"highway","default_image_id":0,"font":"","enabled":false},"version":2}},"categories":[1],"tags":[],"class_list":["post-1602","post","type-post","status-publish","format-standard","hentry","category-uncategorized"],"jetpack_publicize_connections":[],"jetpack_featured_media_url":"","jetpack_sharing_enabled":true,"jetpack_shortlink":"https:\/\/wp.me\/paAx8l-pQ","jetpack-related-posts":[{"id":1222,"url":"https:\/\/bv-toenisheide.de\/BVToenisheide\/Start.html\/jahreshauptversammlung-2025\/","url_meta":{"origin":1602,"position":0},"title":"Jahreshauptversammlung 2025","author":"bvadmin63","date":"Februar 8, 2025","format":false,"excerpt":"Am Mittwoch, den 12. M\u00e4rz findet um 19:30 Uhr unsere Jahreshauptversammlung im katholischen Pfarrsaal T\u00f6nisheide, an der Kirchstra\u00dfe statt. Neben dem Jahresbericht 2024 und den geplanten Terminen f\u00fcr 2025 gibt es den wichtigen Tagespunkt \"Vorstandswahlen\": In diesem Jahr stehen alle Vorstands\u00e4mter zur Neuwahl an, die bisherigen, langj\u00e4hrigen Vorstandsmitglieder werden nicht\u2026","rel":"","context":"\u00c4hnlicher Beitrag","block_context":{"text":"\u00c4hnlicher Beitrag","link":""},"img":{"alt_text":"","src":"","width":0,"height":0},"classes":[]},{"id":642,"url":"https:\/\/bv-toenisheide.de\/BVToenisheide\/Start.html\/jahreshauptversammlung-2021\/","url_meta":{"origin":1602,"position":1},"title":"Jahreshauptversammlung 2021","author":"bvadmin63","date":"Oktober 22, 2021","format":false,"excerpt":"An dieser Stelle m\u00f6chte der Vorstand des B\u00fcrgervereins alle Mitglieder an die BV-Jahreshauptversammlung im katholischen Pfarrsaal T\u00f6nisheide (Kirchstra\u00dfe) erinnern, zu der wir am Dienstag, den 26.10.2021 ab 19:30 Uhr herzlich einladen. Den Mitgliedern ist die Einladung zusammen mit der Tagesordnung postalisch zugegangen. Die Jahreshauptversammlung findet unter Einhaltung der aktuellen Corona-Schutzverordnung\u2026","rel":"","context":"\u00c4hnlicher Beitrag","block_context":{"text":"\u00c4hnlicher Beitrag","link":""},"img":{"alt_text":"","src":"","width":0,"height":0},"classes":[]},{"id":1033,"url":"https:\/\/bv-toenisheide.de\/BVToenisheide\/Start.html\/bv-jahreshauptversammlung-am-13-03-2024\/","url_meta":{"origin":1602,"position":2},"title":"BV Jahreshauptversammlung am 13.03.2024","author":"bvadmin63","date":"M\u00e4rz 10, 2024","format":false,"excerpt":"Am Mittwoch, den 13. M\u00e4rz findet um 19:30 Uhr unsere Jahreshauptversammlung im katholischen Pfarrsaal T\u00f6nisheide, an der Kirchstra\u00dfe statt. Neben dem Jahresbericht 2023 und den geplanten Terminen f\u00fcr 2024 wollen wir die \"B\u00fcrger Solarberatung Velbert\" vorstellen: Ein Referent dieses neuen Teams wird das Thema \"Photovoltaik f\u00fcr zu Hause\" unter den\u2026","rel":"","context":"\u00c4hnlicher Beitrag","block_context":{"text":"\u00c4hnlicher Beitrag","link":""},"img":{"alt_text":"","src":"","width":0,"height":0},"classes":[]},{"id":336,"url":"https:\/\/bv-toenisheide.de\/BVToenisheide\/Start.html\/bv-jahreshauptversammlung\/","url_meta":{"origin":1602,"position":3},"title":"BV Jahreshauptversammlung","author":"bvadmin63","date":"Februar 15, 2020","format":false,"excerpt":"Jahreshauptversammlung 2020 An dieser Stelle m\u00f6chte der Vorstand des B\u00fcrgervereins alle Mitglieder an die BV-Jahreshauptversammlung im katholischen Pfarrheim T\u00f6nisheide erinnern, zu der wir am Montag, den 09. M\u00e4rz ab 19:30 Uhr herzlich einladen.\u00a0 Als Tagesordnungspunkt planen wir, neben Jahresbericht, Kassenbericht und Antragsbesprechungen wieder einen Referenten zu einem aktuellen Velberter Thema\u2026","rel":"","context":"\u00c4hnlicher Beitrag","block_context":{"text":"\u00c4hnlicher Beitrag","link":""},"img":{"alt_text":"","src":"","width":0,"height":0},"classes":[]},{"id":839,"url":"https:\/\/bv-toenisheide.de\/BVToenisheide\/Start.html\/jahreshauptversammlung-2023-am-8-maerz\/","url_meta":{"origin":1602,"position":4},"title":"Jahreshauptversammlung 2023 am 8. M\u00e4rz","author":"bvadmin63","date":"Februar 13, 2023","format":false,"excerpt":"Am 8. M\u00e4rz und damit zum ersten Mal an einem Mittwoch, findet um 19:30 Uhr unsere Jahreshauptversammlung im katholischen Pfarrsaal T\u00f6nisheide, an der Kirchstra\u00dfe statt. Die Verschiebung vom zuerst angek\u00fcndigten 6. M\u00e4rz auf den 8.M\u00e4rz wurde notwendig, da der Pfarrsaal anderweitig belegt ist. Neben dem Jahresbericht 2022 und dem weiteren\u2026","rel":"","context":"\u00c4hnlicher Beitrag","block_context":{"text":"\u00c4hnlicher Beitrag","link":""},"img":{"alt_text":"","src":"https:\/\/i0.wp.com\/bv-toenisheide.de\/wp-content\/uploads\/2023\/02\/Jahreshauptversammlung-2023-150x150.jpg?resize=350%2C200&ssl=1","width":350,"height":200},"classes":[]},{"id":712,"url":"https:\/\/bv-toenisheide.de\/BVToenisheide\/Start.html\/jahreshauptversammlung-2021-2\/","url_meta":{"origin":1602,"position":5},"title":"Jahreshauptversammlung 2021","author":"bvadmin63","date":"Mai 27, 2022","format":false,"excerpt":"Am Dienstag, den 07. Juni um 19:30 Uhr findet unsere Jahreshauptversammlung im katholischen Pfarrsaal T\u00f6nisheide statt. Neben dem Jahresbericht 2021 und dem weiteren Jahresprogramm 2022 erwartet Sie als wichtiger Programmpunkt die turnusm\u00e4ssige Vorstandswahl. Wir haben einen kompetenten Referenten eingeladen, der zu Beginn der Versammlung \u00fcber aktuelle Bauprojekte auf T\u00f6nisheide sprechen\u2026","rel":"","context":"\u00c4hnlicher Beitrag","block_context":{"text":"\u00c4hnlicher Beitrag","link":""},"img":{"alt_text":"","src":"","width":0,"height":0},"classes":[]}],"_links":{"self":[{"href":"https:\/\/bv-toenisheide.de\/BVToenisheide\/Start.html\/wp-json\/wp\/v2\/posts\/1602","targetHints":{"allow":["GET"]}}],"collection":[{"href":"https:\/\/bv-toenisheide.de\/BVToenisheide\/Start.html\/wp-json\/wp\/v2\/posts"}],"about":[{"href":"https:\/\/bv-toenisheide.de\/BVToenisheide\/Start.html\/wp-json\/wp\/v2\/types\/post"}],"author":[{"embeddable":true,"href":"https:\/\/bv-toenisheide.de\/BVToenisheide\/Start.html\/wp-json\/wp\/v2\/users\/1"}],"replies":[{"embeddable":true,"href":"https:\/\/bv-toenisheide.de\/BVToenisheide\/Start.html\/wp-json\/wp\/v2\/comments?post=1602"}],"version-history":[{"count":1,"href":"https:\/\/bv-toenisheide.de\/BVToenisheide\/Start.html\/wp-json\/wp\/v2\/posts\/1602\/revisions"}],"predecessor-version":[{"id":1603,"href":"https:\/\/bv-toenisheide.de\/BVToenisheide\/Start.html\/wp-json\/wp\/v2\/posts\/1602\/revisions\/1603"}],"wp:attachment":[{"href":"https:\/\/bv-toenisheide.de\/BVToenisheide\/Start.html\/wp-json\/wp\/v2\/media?parent=1602"}],"wp:term":[{"taxonomy":"category","embeddable":true,"href":"https:\/\/bv-toenisheide.de\/BVToenisheide\/Start.html\/wp-json\/wp\/v2\/categories?post=1602"},{"taxonomy":"post_tag","embeddable":true,"href":"https:\/\/bv-toenisheide.de\/BVToenisheide\/Start.html\/wp-json\/wp\/v2\/tags?post=1602"}],"curies":[{"name":"wp","href":"https:\/\/api.w.org\/{rel}","templated":true}]}}